{"id":250,"date":"2016-06-12T16:53:41","date_gmt":"2016-06-12T15:53:41","guid":{"rendered":"https:\/\/www.aldebert-fleuriste.fr\/?p=250"},"modified":"2016-06-12T17:00:03","modified_gmt":"2016-06-12T16:00:03","slug":"pour-la-fete-des-peres","status":"publish","type":"post","link":"https:\/\/www.aldebert-fleuriste.fr\/index.php\/2016\/06\/12\/pour-la-fete-des-peres\/","title":{"rendered":"Pour la f\u00eate des p\u00e8res"},"content":{"rendered":"<p>La f\u00eate des p\u00e8res arrive !<\/p>\n<p>Voici une superbe id\u00e9e cadeau pour la f\u00eate des p\u00e8res, nous vous proposons des lampes \u00ab\u00a0football\u00a0\u00bb avec possibilit\u00e9 d&rsquo;image de club ou logo de supporter sur demande<br \/>\n(cr\u00e9ations de LUMINAGES \u00e0 St Gely du Fesc, plusieurs mod\u00e8les disponible \u00e0 la boutique).<\/p>\n<p>&nbsp;<\/p>\n<p><img loading=\"lazy\" decoding=\"async\" class=\"wp-image-252 aligncenter\" src=\"https:\/\/www.aldebert-fleuriste.fr\/wp-content\/uploads\/2016\/06\/aldebert-fleuriste-st-gely-du-fesc.jpg\" alt=\"aldebert-fleuriste-st-gely-du-fesc\" width=\"877\" height=\"492\" srcset=\"https:\/\/www.aldebert-fleuriste.fr\/wp-content\/uploads\/2016\/06\/aldebert-fleuriste-st-gely-du-fesc.jpg 1632w, https:\/\/www.aldebert-fleuriste.fr\/wp-content\/uploads\/2016\/06\/aldebert-fleuriste-st-gely-du-fesc-300x168.jpg 300w, https:\/\/www.aldebert-fleuriste.fr\/wp-content\/uploads\/2016\/06\/aldebert-fleuriste-st-gely-du-fesc-768x431.jpg 768w, https:\/\/www.aldebert-fleuriste.fr\/wp-content\/uploads\/2016\/06\/aldebert-fleuriste-st-gely-du-fesc-1024x575.jpg 1024w\" sizes=\"(max-width: 877px) 100vw, 877px\" \/><\/p>\n<p>&nbsp;<\/p>\n<p>&nbsp;<\/p>\n","protected":false},"excerpt":{"rendered":"<p>La f\u00eate des p\u00e8res arrive ! Voici une superbe id\u00e9e cadeau pour la f\u00eate des p\u00e8res, nous vous proposons des lampes \u00ab\u00a0football\u00a0\u00bb avec possibilit\u00e9 d&rsquo;image de club ou logo de supporter sur demande (cr\u00e9ations de LUMINAGES \u00e0 St Gely du Fesc, plusieurs mod\u00e8les disponible \u00e0 la boutique). &nbsp; &nbsp; &nbsp;<\/p>\n","protected":false},"author":1,"featured_media":252,"comment_status":"closed","ping_status":"closed","sticky":false,"template":"","format":"standard","meta":{"_et_pb_use_builder":"","_et_pb_old_content":"","_et_gb_content_width":"","footnotes":""},"categories":[4],"tags":[],"class_list":["post-250","post","type-post","status-publish","format-standard","has-post-thumbnail","hentry","category-nouveautes"],"yoast_head":"<!-- This site is optimized with the Yoast SEO plugin v27.5 - https:\/\/yoast.com\/product\/yoast-seo-wordpress\/ -->\n<title>Pour la f\u00eate des p\u00e8res - Aldebert Fleuriste<\/title>\n<meta name=\"robots\" content=\"index, follow, max-snippet:-1, max-image-preview:large, max-video-preview:-1\" \/>\n<link rel=\"canonical\" href=\"https:\/\/www.aldebert-fleuriste.fr\/index.php\/2016\/06\/12\/pour-la-fete-des-peres\/\" \/>\n<meta property=\"og:locale\" content=\"fr_FR\" \/>\n<meta property=\"og:type\" content=\"article\" \/>\n<meta property=\"og:title\" content=\"Pour la f\u00eate des p\u00e8res - Aldebert Fleuriste\" \/>\n<meta property=\"og:description\" content=\"La f\u00eate des p\u00e8res arrive ! Voici une superbe id\u00e9e cadeau pour la f\u00eate des p\u00e8res, nous vous proposons des lampes \u00ab\u00a0football\u00a0\u00bb avec possibilit\u00e9 d&rsquo;image de club ou logo de supporter sur demande (cr\u00e9ations de LUMINAGES \u00e0 St Gely du Fesc, plusieurs mod\u00e8les disponible \u00e0 la boutique). &nbsp; &nbsp; &nbsp;\" \/>\n<meta property=\"og:url\" content=\"https:\/\/www.aldebert-fleuriste.fr\/index.php\/2016\/06\/12\/pour-la-fete-des-peres\/\" \/>\n<meta property=\"og:site_name\" content=\"Aldebert Fleuriste\" \/>\n<meta property=\"article:published_time\" content=\"2016-06-12T15:53:41+00:00\" \/>\n<meta property=\"article:modified_time\" content=\"2016-06-12T16:00:03+00:00\" \/>\n<meta property=\"og:image\" content=\"https:\/\/www.aldebert-fleuriste.fr\/wp-content\/uploads\/2016\/06\/aldebert-fleuriste-st-gely-du-fesc.jpg\" \/>\n\t<meta property=\"og:image:width\" content=\"1632\" \/>\n\t<meta property=\"og:image:height\" content=\"916\" \/>\n\t<meta property=\"og:image:type\" content=\"image\/jpeg\" \/>\n<meta name=\"author\" content=\"admin_aldebert\" \/>\n<meta name=\"twitter:card\" content=\"summary_large_image\" \/>\n<meta name=\"twitter:label1\" content=\"\u00c9crit par\" \/>\n\t<meta name=\"twitter:data1\" content=\"admin_aldebert\" \/>\n<script type=\"application\/ld+json\" class=\"yoast-schema-graph\">{\"@context\":\"https:\\\/\\\/schema.org\",\"@graph\":[{\"@type\":\"Article\",\"@id\":\"https:\\\/\\\/www.aldebert-fleuriste.fr\\\/index.php\\\/2016\\\/06\\\/12\\\/pour-la-fete-des-peres\\\/#article\",\"isPartOf\":{\"@id\":\"https:\\\/\\\/www.aldebert-fleuriste.fr\\\/index.php\\\/2016\\\/06\\\/12\\\/pour-la-fete-des-peres\\\/\"},\"author\":{\"name\":\"admin_aldebert\",\"@id\":\"https:\\\/\\\/www.aldebert-fleuriste.fr\\\/#\\\/schema\\\/person\\\/6ef9c280e5b9f4e91c8ab6f54bc336eb\"},\"headline\":\"Pour la f\u00eate des p\u00e8res\",\"datePublished\":\"2016-06-12T15:53:41+00:00\",\"dateModified\":\"2016-06-12T16:00:03+00:00\",\"mainEntityOfPage\":{\"@id\":\"https:\\\/\\\/www.aldebert-fleuriste.fr\\\/index.php\\\/2016\\\/06\\\/12\\\/pour-la-fete-des-peres\\\/\"},\"wordCount\":61,\"image\":{\"@id\":\"https:\\\/\\\/www.aldebert-fleuriste.fr\\\/index.php\\\/2016\\\/06\\\/12\\\/pour-la-fete-des-peres\\\/#primaryimage\"},\"thumbnailUrl\":\"https:\\\/\\\/www.aldebert-fleuriste.fr\\\/wp-content\\\/uploads\\\/2016\\\/06\\\/aldebert-fleuriste-st-gely-du-fesc.jpg\",\"articleSection\":[\"Nouveaut\u00e9s\"],\"inLanguage\":\"fr-FR\"},{\"@type\":\"WebPage\",\"@id\":\"https:\\\/\\\/www.aldebert-fleuriste.fr\\\/index.php\\\/2016\\\/06\\\/12\\\/pour-la-fete-des-peres\\\/\",\"url\":\"https:\\\/\\\/www.aldebert-fleuriste.fr\\\/index.php\\\/2016\\\/06\\\/12\\\/pour-la-fete-des-peres\\\/\",\"name\":\"Pour la f\u00eate des p\u00e8res - Aldebert Fleuriste\",\"isPartOf\":{\"@id\":\"https:\\\/\\\/www.aldebert-fleuriste.fr\\\/#website\"},\"primaryImageOfPage\":{\"@id\":\"https:\\\/\\\/www.aldebert-fleuriste.fr\\\/index.php\\\/2016\\\/06\\\/12\\\/pour-la-fete-des-peres\\\/#primaryimage\"},\"image\":{\"@id\":\"https:\\\/\\\/www.aldebert-fleuriste.fr\\\/index.php\\\/2016\\\/06\\\/12\\\/pour-la-fete-des-peres\\\/#primaryimage\"},\"thumbnailUrl\":\"https:\\\/\\\/www.aldebert-fleuriste.fr\\\/wp-content\\\/uploads\\\/2016\\\/06\\\/aldebert-fleuriste-st-gely-du-fesc.jpg\",\"datePublished\":\"2016-06-12T15:53:41+00:00\",\"dateModified\":\"2016-06-12T16:00:03+00:00\",\"author\":{\"@id\":\"https:\\\/\\\/www.aldebert-fleuriste.fr\\\/#\\\/schema\\\/person\\\/6ef9c280e5b9f4e91c8ab6f54bc336eb\"},\"breadcrumb\":{\"@id\":\"https:\\\/\\\/www.aldebert-fleuriste.fr\\\/index.php\\\/2016\\\/06\\\/12\\\/pour-la-fete-des-peres\\\/#breadcrumb\"},\"inLanguage\":\"fr-FR\",\"potentialAction\":[{\"@type\":\"ReadAction\",\"target\":[\"https:\\\/\\\/www.aldebert-fleuriste.fr\\\/index.php\\\/2016\\\/06\\\/12\\\/pour-la-fete-des-peres\\\/\"]}]},{\"@type\":\"ImageObject\",\"inLanguage\":\"fr-FR\",\"@id\":\"https:\\\/\\\/www.aldebert-fleuriste.fr\\\/index.php\\\/2016\\\/06\\\/12\\\/pour-la-fete-des-peres\\\/#primaryimage\",\"url\":\"https:\\\/\\\/www.aldebert-fleuriste.fr\\\/wp-content\\\/uploads\\\/2016\\\/06\\\/aldebert-fleuriste-st-gely-du-fesc.jpg\",\"contentUrl\":\"https:\\\/\\\/www.aldebert-fleuriste.fr\\\/wp-content\\\/uploads\\\/2016\\\/06\\\/aldebert-fleuriste-st-gely-du-fesc.jpg\",\"width\":1632,\"height\":916},{\"@type\":\"BreadcrumbList\",\"@id\":\"https:\\\/\\\/www.aldebert-fleuriste.fr\\\/index.php\\\/2016\\\/06\\\/12\\\/pour-la-fete-des-peres\\\/#breadcrumb\",\"itemListElement\":[{\"@type\":\"ListItem\",\"position\":1,\"name\":\"Accueil\",\"item\":\"https:\\\/\\\/www.aldebert-fleuriste.fr\\\/\"},{\"@type\":\"ListItem\",\"position\":2,\"name\":\"Pour la f\u00eate des p\u00e8res\"}]},{\"@type\":\"WebSite\",\"@id\":\"https:\\\/\\\/www.aldebert-fleuriste.fr\\\/#website\",\"url\":\"https:\\\/\\\/www.aldebert-fleuriste.fr\\\/\",\"name\":\"Aldebert Fleuriste\",\"description\":\"Votre artisan fleuriste \u00e0 Saint G\u00e9ly du Fesc\",\"potentialAction\":[{\"@type\":\"SearchAction\",\"target\":{\"@type\":\"EntryPoint\",\"urlTemplate\":\"https:\\\/\\\/www.aldebert-fleuriste.fr\\\/?s={search_term_string}\"},\"query-input\":{\"@type\":\"PropertyValueSpecification\",\"valueRequired\":true,\"valueName\":\"search_term_string\"}}],\"inLanguage\":\"fr-FR\"},{\"@type\":\"Person\",\"@id\":\"https:\\\/\\\/www.aldebert-fleuriste.fr\\\/#\\\/schema\\\/person\\\/6ef9c280e5b9f4e91c8ab6f54bc336eb\",\"name\":\"admin_aldebert\",\"image\":{\"@type\":\"ImageObject\",\"inLanguage\":\"fr-FR\",\"@id\":\"https:\\\/\\\/secure.gravatar.com\\\/avatar\\\/1d0e35455b6718ca1b92f55a3fe7ea85b6696ce26c8ae795cc4cb6f0d69f9cec?s=96&d=mm&r=g\",\"url\":\"https:\\\/\\\/secure.gravatar.com\\\/avatar\\\/1d0e35455b6718ca1b92f55a3fe7ea85b6696ce26c8ae795cc4cb6f0d69f9cec?s=96&d=mm&r=g\",\"contentUrl\":\"https:\\\/\\\/secure.gravatar.com\\\/avatar\\\/1d0e35455b6718ca1b92f55a3fe7ea85b6696ce26c8ae795cc4cb6f0d69f9cec?s=96&d=mm&r=g\",\"caption\":\"admin_aldebert\"},\"url\":\"https:\\\/\\\/www.aldebert-fleuriste.fr\"}]}<\/script>\n<!-- \/ Yoast SEO plugin. -->","yoast_head_json":{"title":"Pour la f\u00eate des p\u00e8res - Aldebert Fleuriste","robots":{"index":"index","follow":"follow","max-snippet":"max-snippet:-1","max-image-preview":"max-image-preview:large","max-video-preview":"max-video-preview:-1"},"canonical":"https:\/\/www.aldebert-fleuriste.fr\/index.php\/2016\/06\/12\/pour-la-fete-des-peres\/","og_locale":"fr_FR","og_type":"article","og_title":"Pour la f\u00eate des p\u00e8res - Aldebert Fleuriste","og_description":"La f\u00eate des p\u00e8res arrive ! Voici une superbe id\u00e9e cadeau pour la f\u00eate des p\u00e8res, nous vous proposons des lampes \u00ab\u00a0football\u00a0\u00bb avec possibilit\u00e9 d&rsquo;image de club ou logo de supporter sur demande (cr\u00e9ations de LUMINAGES \u00e0 St Gely du Fesc, plusieurs mod\u00e8les disponible \u00e0 la boutique). &nbsp; &nbsp; &nbsp;","og_url":"https:\/\/www.aldebert-fleuriste.fr\/index.php\/2016\/06\/12\/pour-la-fete-des-peres\/","og_site_name":"Aldebert Fleuriste","article_published_time":"2016-06-12T15:53:41+00:00","article_modified_time":"2016-06-12T16:00:03+00:00","og_image":[{"width":1632,"height":916,"url":"https:\/\/www.aldebert-fleuriste.fr\/wp-content\/uploads\/2016\/06\/aldebert-fleuriste-st-gely-du-fesc.jpg","type":"image\/jpeg"}],"author":"admin_aldebert","twitter_card":"summary_large_image","twitter_misc":{"\u00c9crit par":"admin_aldebert"},"schema":{"@context":"https:\/\/schema.org","@graph":[{"@type":"Article","@id":"https:\/\/www.aldebert-fleuriste.fr\/index.php\/2016\/06\/12\/pour-la-fete-des-peres\/#article","isPartOf":{"@id":"https:\/\/www.aldebert-fleuriste.fr\/index.php\/2016\/06\/12\/pour-la-fete-des-peres\/"},"author":{"name":"admin_aldebert","@id":"https:\/\/www.aldebert-fleuriste.fr\/#\/schema\/person\/6ef9c280e5b9f4e91c8ab6f54bc336eb"},"headline":"Pour la f\u00eate des p\u00e8res","datePublished":"2016-06-12T15:53:41+00:00","dateModified":"2016-06-12T16:00:03+00:00","mainEntityOfPage":{"@id":"https:\/\/www.aldebert-fleuriste.fr\/index.php\/2016\/06\/12\/pour-la-fete-des-peres\/"},"wordCount":61,"image":{"@id":"https:\/\/www.aldebert-fleuriste.fr\/index.php\/2016\/06\/12\/pour-la-fete-des-peres\/#primaryimage"},"thumbnailUrl":"https:\/\/www.aldebert-fleuriste.fr\/wp-content\/uploads\/2016\/06\/aldebert-fleuriste-st-gely-du-fesc.jpg","articleSection":["Nouveaut\u00e9s"],"inLanguage":"fr-FR"},{"@type":"WebPage","@id":"https:\/\/www.aldebert-fleuriste.fr\/index.php\/2016\/06\/12\/pour-la-fete-des-peres\/","url":"https:\/\/www.aldebert-fleuriste.fr\/index.php\/2016\/06\/12\/pour-la-fete-des-peres\/","name":"Pour la f\u00eate des p\u00e8res - Aldebert Fleuriste","isPartOf":{"@id":"https:\/\/www.aldebert-fleuriste.fr\/#website"},"primaryImageOfPage":{"@id":"https:\/\/www.aldebert-fleuriste.fr\/index.php\/2016\/06\/12\/pour-la-fete-des-peres\/#primaryimage"},"image":{"@id":"https:\/\/www.aldebert-fleuriste.fr\/index.php\/2016\/06\/12\/pour-la-fete-des-peres\/#primaryimage"},"thumbnailUrl":"https:\/\/www.aldebert-fleuriste.fr\/wp-content\/uploads\/2016\/06\/aldebert-fleuriste-st-gely-du-fesc.jpg","datePublished":"2016-06-12T15:53:41+00:00","dateModified":"2016-06-12T16:00:03+00:00","author":{"@id":"https:\/\/www.aldebert-fleuriste.fr\/#\/schema\/person\/6ef9c280e5b9f4e91c8ab6f54bc336eb"},"breadcrumb":{"@id":"https:\/\/www.aldebert-fleuriste.fr\/index.php\/2016\/06\/12\/pour-la-fete-des-peres\/#breadcrumb"},"inLanguage":"fr-FR","potentialAction":[{"@type":"ReadAction","target":["https:\/\/www.aldebert-fleuriste.fr\/index.php\/2016\/06\/12\/pour-la-fete-des-peres\/"]}]},{"@type":"ImageObject","inLanguage":"fr-FR","@id":"https:\/\/www.aldebert-fleuriste.fr\/index.php\/2016\/06\/12\/pour-la-fete-des-peres\/#primaryimage","url":"https:\/\/www.aldebert-fleuriste.fr\/wp-content\/uploads\/2016\/06\/aldebert-fleuriste-st-gely-du-fesc.jpg","contentUrl":"https:\/\/www.aldebert-fleuriste.fr\/wp-content\/uploads\/2016\/06\/aldebert-fleuriste-st-gely-du-fesc.jpg","width":1632,"height":916},{"@type":"BreadcrumbList","@id":"https:\/\/www.aldebert-fleuriste.fr\/index.php\/2016\/06\/12\/pour-la-fete-des-peres\/#breadcrumb","itemListElement":[{"@type":"ListItem","position":1,"name":"Accueil","item":"https:\/\/www.aldebert-fleuriste.fr\/"},{"@type":"ListItem","position":2,"name":"Pour la f\u00eate des p\u00e8res"}]},{"@type":"WebSite","@id":"https:\/\/www.aldebert-fleuriste.fr\/#website","url":"https:\/\/www.aldebert-fleuriste.fr\/","name":"Aldebert Fleuriste","description":"Votre artisan fleuriste \u00e0 Saint G\u00e9ly du Fesc","potentialAction":[{"@type":"SearchAction","target":{"@type":"EntryPoint","urlTemplate":"https:\/\/www.aldebert-fleuriste.fr\/?s={search_term_string}"},"query-input":{"@type":"PropertyValueSpecification","valueRequired":true,"valueName":"search_term_string"}}],"inLanguage":"fr-FR"},{"@type":"Person","@id":"https:\/\/www.aldebert-fleuriste.fr\/#\/schema\/person\/6ef9c280e5b9f4e91c8ab6f54bc336eb","name":"admin_aldebert","image":{"@type":"ImageObject","inLanguage":"fr-FR","@id":"https:\/\/secure.gravatar.com\/avatar\/1d0e35455b6718ca1b92f55a3fe7ea85b6696ce26c8ae795cc4cb6f0d69f9cec?s=96&d=mm&r=g","url":"https:\/\/secure.gravatar.com\/avatar\/1d0e35455b6718ca1b92f55a3fe7ea85b6696ce26c8ae795cc4cb6f0d69f9cec?s=96&d=mm&r=g","contentUrl":"https:\/\/secure.gravatar.com\/avatar\/1d0e35455b6718ca1b92f55a3fe7ea85b6696ce26c8ae795cc4cb6f0d69f9cec?s=96&d=mm&r=g","caption":"admin_aldebert"},"url":"https:\/\/www.aldebert-fleuriste.fr"}]}},"_links":{"self":[{"href":"https:\/\/www.aldebert-fleuriste.fr\/index.php\/wp-json\/wp\/v2\/posts\/250","targetHints":{"allow":["GET"]}}],"collection":[{"href":"https:\/\/www.aldebert-fleuriste.fr\/index.php\/wp-json\/wp\/v2\/posts"}],"about":[{"href":"https:\/\/www.aldebert-fleuriste.fr\/index.php\/wp-json\/wp\/v2\/types\/post"}],"author":[{"embeddable":true,"href":"https:\/\/www.aldebert-fleuriste.fr\/index.php\/wp-json\/wp\/v2\/users\/1"}],"replies":[{"embeddable":true,"href":"https:\/\/www.aldebert-fleuriste.fr\/index.php\/wp-json\/wp\/v2\/comments?post=250"}],"version-history":[{"count":2,"href":"https:\/\/www.aldebert-fleuriste.fr\/index.php\/wp-json\/wp\/v2\/posts\/250\/revisions"}],"predecessor-version":[{"id":254,"href":"https:\/\/www.aldebert-fleuriste.fr\/index.php\/wp-json\/wp\/v2\/posts\/250\/revisions\/254"}],"wp:featuredmedia":[{"embeddable":true,"href":"https:\/\/www.aldebert-fleuriste.fr\/index.php\/wp-json\/wp\/v2\/media\/252"}],"wp:attachment":[{"href":"https:\/\/www.aldebert-fleuriste.fr\/index.php\/wp-json\/wp\/v2\/media?parent=250"}],"wp:term":[{"taxonomy":"category","embeddable":true,"href":"https:\/\/www.aldebert-fleuriste.fr\/index.php\/wp-json\/wp\/v2\/categories?post=250"},{"taxonomy":"post_tag","embeddable":true,"href":"https:\/\/www.aldebert-fleuriste.fr\/index.php\/wp-json\/wp\/v2\/tags?post=250"}],"curies":[{"name":"wp","href":"https:\/\/api.w.org\/{rel}","templated":true}]}}